{"provider_url": "https://www.santanadavargem.mg.leg.br", "title": "Galeria de V\u00eddeos", "html": "<p>\u00a0</p>\r\n<table class=\"invisible\">\r\n<tbody>\r\n<tr><th>\r\n<p>\u00a0</p>\r\n</th><th>\r\n<p>\u00a0</p>\r\n</th><th>\r\n<p>\u00a0</p>\r\n</th></tr>\r\n<tr><th>\r\n<p><a title=\"\" href=\"https://www.santanadavargem.mg.leg.br/institucional/videos/videos-das-reunioes-do-ano-de-2026\" class=\"internal-link\" target=\"_self\"><img src=\"https://www.santanadavargem.mg.leg.br/institucional/videos/arquivos-de-design/design-2026/ordinarias-2026.jpg/@@images/6a4030eb-fe8f-4efa-a563-af9690495bb2.jpeg\" alt=\"ordin\u00e1rias 2026.jpg\" class=\"image-inline\" title=\"ordin\u00e1rias 2026.jpg\" /></a></p>\r\n<p><a title=\"\" href=\"https://www.santanadavargem.mg.leg.br/institucional/videos/videos-das-reunioes-do-ano-de-2026\" class=\"internal-link\" target=\"_self\">Reuni\u00f5es Ordin\u00e1rias do Ano de 2026</a></p>\r\n</th><th>\r\n<p><a title=\"\" href=\"https://www.santanadavargem.mg.leg.br/institucional/videos/videos-das-reunioes-do-ano-de-2026/reunioes-extraordinarias-do-ano-de-2026\" class=\"internal-link\" target=\"_self\"><img src=\"https://www.santanadavargem.mg.leg.br/institucional/videos/arquivos-de-design/design-2026/extraordinarias-2026.jpg/@@images/1f47801d-1a7d-4c68-b402-28e5bd518990.jpeg\" alt=\"extraordin\u00e1rias 2026.jpg\" class=\"image-inline\" title=\"extraordin\u00e1rias 2026.jpg\" /></a></p>\r\n<p><a title=\"\" href=\"https://www.santanadavargem.mg.leg.br/institucional/videos/videos-das-reunioes-do-ano-de-2026/reunioes-extraordinarias-do-ano-de-2026\" class=\"internal-link\" target=\"_self\">Reu<span>ni\u00f5es Extraordin\u00e1rias do Ano de 2026</span></a></p>\r\n</th><th>\r\n<p><img src=\"https://www.santanadavargem.mg.leg.br/institucional/videos/arquivos-de-design/design-2026/solenes-2026.jpg/@@images/0562fcaf-1174-486e-b4da-d7d63598f0b6.jpeg\" alt=\"Solenes 2026.jpg\" class=\"image-inline\" title=\"Solenes 2026.jpg\" /></p>\r\n<p>Reuni\u00f5es Solenes e Audi\u00eancias P\u00fablicas do Ano de 2026</p>\r\n</th></tr>\r\n<tr><th>\r\n<p><a title=\"\" href=\"https://www.santanadavargem.mg.leg.br/institucional/videos/videos-das-reunioes-de-2025\" class=\"internal-link\" target=\"_self\">\u00a0<img src=\"https://www.santanadavargem.mg.leg.br/institucional/videos/arquivos-de-design/design-2025/ordinarias-2025.jpg/@@images/cef39ff7-ea95-4e79-9a02-a6a41592e5f4.jpeg\" alt=\"Ordin\u00e1rias 2025.JPG\" class=\"image-inline\" title=\"Ordin\u00e1rias 2025.JPG\" /></a></p>\r\n<p><a title=\"\" href=\"https://www.santanadavargem.mg.leg.br/institucional/videos/videos-das-reunioes-de-2025\" class=\"internal-link\" target=\"_self\">Reuni\u00f5es Ordin\u00e1rias do Ano de 2025</a></p>\r\n</th><th>\r\n<p>\u00a0<a title=\"\" href=\"https://www.santanadavargem.mg.leg.br/institucional/videos/videos-das-reunioes-de-2025/reunioes-extraordinarias-do-ano-de-2025\" class=\"internal-link\" target=\"_self\"><img src=\"https://www.santanadavargem.mg.leg.br/institucional/videos/arquivos-de-design/design-2025/extraodinarias-2025.jpg/@@images/d29abe1b-808e-4630-ace8-67af2ee60002.jpeg\" alt=\"Extraodin\u00e1rias 2025.jpg\" class=\"image-inline\" title=\"Extraodin\u00e1rias 2025.jpg\" /></a></p>\r\n<p><a title=\"\" href=\"https://www.santanadavargem.mg.leg.br/institucional/videos/videos-das-reunioes-de-2025/reunioes-extraordinarias-do-ano-de-2025\" class=\"internal-link\" target=\"_self\">Reuni\u00f5es Extraordin\u00e1rias do Ano de 2025</a></p>\r\n</th><th>\r\n<p>\u00a0<a title=\"\" href=\"https://www.santanadavargem.mg.leg.br/institucional/videos/videos-das-reunioes-de-2025/reunioes-solenes-do-ano-de-2025\" class=\"internal-link\" target=\"_self\"><img src=\"https://www.santanadavargem.mg.leg.br/institucional/videos/arquivos-de-design/design-2025/solenes-2025.jpg/@@images/ab10c928-d918-4cb8-8414-7bb3db41ef31.jpeg\" alt=\"Solenes 2025.jpg\" class=\"image-inline\" title=\"Solenes 2025.jpg\" /></a></p>\r\n<p><a title=\"\" href=\"https://www.santanadavargem.mg.leg.br/institucional/videos/videos-das-reunioes-de-2025/reunioes-solenes-do-ano-de-2025\" class=\"internal-link\" target=\"_self\">Reuni\u00f5es Solenes e Audi\u00eancias P\u00fablicas do Ano de 2025</a></p>\r\n</th></tr>\r\n<tr>\r\n<td>\r\n<p><a title=\"\" href=\"https://www.santanadavargem.mg.leg.br/institucional/videos/videos-das-reunioes-de-2024/reunioes-ordinarias-do-ano-de-2024\" class=\"internal-link\" target=\"_self\"><img src=\"https://www.santanadavargem.mg.leg.br/institucional/videos/arquivos-de-design/design-2024/ordinarias-2024.jpg/@@images/1106f255-8b8b-4434-b78b-8444c8cae34f.jpeg\" alt=\"Ordin\u00e1rias 2024.jpg\" class=\"image-inline\" title=\"Ordin\u00e1rias 2024.jpg\" /></a></p>\r\n<p><a title=\"\" href=\"https://www.santanadavargem.mg.leg.br/institucional/videos/videos-das-reunioes-de-2024/reunioes-ordinarias-do-ano-de-2024\" class=\"internal-link\" target=\"_self\">Reuni\u00f5es Ordin\u00e1rias do Ano de 2024</a></p>\r\n</td>\r\n<td>\r\n<p><a title=\"\" href=\"https://www.santanadavargem.mg.leg.br/institucional/videos/videos-das-reunioes-de-2024/reunioes-extraordinarias-do-ano-de-2024\" class=\"internal-link\" target=\"_self\"><img src=\"https://www.santanadavargem.mg.leg.br/institucional/videos/arquivos-de-design/design-2024/extraordinarias-2024.jpg/@@images/954e9335-4e00-4756-9ab7-f4a8247056b8.jpeg\" alt=\"Extraordin\u00e1rias 2024.jpg\" class=\"image-inline\" title=\"Extraordin\u00e1rias 2024.jpg\" /></a></p>\r\n<p><a title=\"\" href=\"https://www.santanadavargem.mg.leg.br/institucional/videos/videos-das-reunioes-de-2024/reunioes-extraordinarias-do-ano-de-2024\" class=\"internal-link\" target=\"_self\">Reuni\u00f5es Extraordin\u00e1rias do Ano de 2024</a></p>\r\n</td>\r\n<td>\r\n<p><a title=\"\" href=\"https://www.santanadavargem.mg.leg.br/institucional/videos/videos-das-reunioes-de-2024/reunioes-solenes-e-outras-reunioes-do-ano-de-2024\" class=\"internal-link\" target=\"_self\"><img src=\"https://www.santanadavargem.mg.leg.br/institucional/videos/arquivos-de-design/design-2024/solenes-2024.jpg/@@images/00b75cc6-a84f-4d28-bc85-7f0ed866cff2.jpeg\" alt=\"Solenes 2024.jpg\" class=\"image-inline\" title=\"Solenes 2024.jpg\" /></a></p>\r\n<p><a title=\"\" href=\"https://www.santanadavargem.mg.leg.br/institucional/videos/videos-das-reunioes-de-2024/reunioes-solenes-e-outras-reunioes-do-ano-de-2024\" class=\"internal-link\" target=\"_self\">Reuni\u00f5es Solenes do Ano de 2024</a></p>\r\n</td>\r\n</tr>\r\n<tr>\r\n<td>\r\n<p><a title=\"\" href=\"https://www.santanadavargem.mg.leg.br/institucional/videos/ano-de-2023/reunioes-ordinarias-do-ano-de-2023\" class=\"internal-link\" target=\"_self\"><img src=\"https://www.santanadavargem.mg.leg.br/institucional/videos/arquivos-de-design/design-2023/reunioes-ordinarias.jpg/@@images/cc35ffed-db4d-450b-bfb8-a942f5a73582.jpeg\" alt=\"Reuni\u00f5es Ordin\u00e1rias.jpg\" class=\"image-inline\" title=\"Reuni\u00f5es Ordin\u00e1rias.jpg\" /></a></p>\r\n<p><a title=\"\" href=\"https://www.santanadavargem.mg.leg.br/institucional/videos/ano-de-2023/reunioes-ordinarias-do-ano-de-2023\" class=\"internal-link\" target=\"_self\">Reuni\u00f5es Ordin\u00e1rias do Ano de 2023</a></p>\r\n</td>\r\n<td>\r\n<p><a title=\"\" href=\"https://www.santanadavargem.mg.leg.br/institucional/videos/ano-de-2023/reunioes-extraordinarias-do-ano-de-2023\" class=\"internal-link\" target=\"_self\"><img src=\"https://www.santanadavargem.mg.leg.br/institucional/videos/arquivos-de-design/design-2023/reunioes-extraodinarias.jpg/@@images/f3f7dd94-f73f-4825-b6cb-356423642d5a.jpeg\" alt=\"Reuni\u00f5es extraodin\u00e1rias.jpg\" class=\"image-inline\" title=\"Reuni\u00f5es extraodin\u00e1rias.jpg\" /></a></p>\r\n<p><span><a title=\"\" href=\"https://www.santanadavargem.mg.leg.br/institucional/videos/ano-de-2023/reunioes-extraordinarias-do-ano-de-2023\" class=\"internal-link\" target=\"_self\">Reuni\u00f5es Extraordin\u00e1rias do Ano de 2023</a></span></p>\r\n</td>\r\n<td>\r\n<p><a title=\"\" href=\"https://www.santanadavargem.mg.leg.br/institucional/videos/ano-de-2023/reunioes-solenes-do-ano-de-2023\" class=\"internal-link\" target=\"_self\"><img src=\"https://www.santanadavargem.mg.leg.br/institucional/videos/arquivos-de-design/design-2023/reunioes-solenes.jpg/@@images/c876b4ff-a000-4630-b495-ff79843e52ae.jpeg\" alt=\"Reuni\u00f5es solenes.jpg\" class=\"image-inline\" title=\"Reuni\u00f5es solenes.jpg\" /></a></p>\r\n<p><a title=\"\" href=\"https://www.santanadavargem.mg.leg.br/institucional/videos/ano-de-2023/reunioes-solenes-do-ano-de-2023\" class=\"internal-link\" target=\"_self\">Reuni\u00f5es Solenes do Ano de 2023</a></p>\r\n</td>\r\n</tr>\r\n<tr>\r\n<td>\r\n<p><a title=\"\" href=\"https://www.santanadavargem.mg.leg.br/institucional/videos/videos-das-reunioes-do-ano-de-2022/reunioes-ordinarias-de-janeiro-de-2022\" class=\"internal-link\" target=\"_self\"><img src=\"https://www.santanadavargem.mg.leg.br/institucional/videos/arquivos-de-design/design-2022/ordinarias-2022.jpg/@@images/3a62a31e-349c-45aa-b393-9043fa33b6b0.jpeg\" alt=\"Ordin\u00e1rias 2022.jpg\" class=\"image-inline\" title=\"Ordin\u00e1rias 2022.jpg\" /></a></p>\r\n<p><a title=\"\" href=\"https://www.santanadavargem.mg.leg.br/institucional/videos/videos-das-reunioes-do-ano-de-2022/reunioes-ordinarias-de-janeiro-de-2022\" class=\"internal-link\" target=\"_self\">Reuni\u00f5es Ordin\u00e1rias do Ano de 2022</a></p>\r\n</td>\r\n<td>\r\n<p><a title=\"\" href=\"https://www.santanadavargem.mg.leg.br/institucional/videos/videos-das-reunioes-do-ano-de-2022/reunioes-extraordinarias-de-2022\" class=\"internal-link\" target=\"_self\"><img src=\"https://www.santanadavargem.mg.leg.br/institucional/videos/arquivos-de-design/design-2022/eztraordinarias-2022.jpg/@@images/54c21941-581a-47f1-9548-a1c42289ba0a.jpeg\" alt=\"Eztraordin\u00e1rias 2022.jpg\" class=\"image-inline\" title=\"Eztraordin\u00e1rias 2022.jpg\" /></a></p>\r\n<p><a title=\"\" href=\"https://www.santanadavargem.mg.leg.br/institucional/videos/videos-das-reunioes-do-ano-de-2022/reunioes-extraordinarias-de-2022\" class=\"internal-link\" target=\"_self\">Reuni\u00f5es Extraordin\u00e1rias do Ano de 2022</a></p>\r\n</td>\r\n<td>\r\n<p><a title=\"\" href=\"https://www.santanadavargem.mg.leg.br/institucional/videos/videos-das-reunioes-do-ano-de-2022/sessoes-solenes-de-2022\" class=\"internal-link\" target=\"_self\"><img src=\"https://www.santanadavargem.mg.leg.br/institucional/videos/arquivos-de-design/design-2022/solenes-2022.jpg/@@images/bdb473d0-9a92-4962-b7ec-66dfb6d0b8c6.jpeg\" alt=\"Solenes 2022.jpg\" class=\"image-inline\" title=\"Solenes 2022.jpg\" /></a></p>\r\n<p><a title=\"\" href=\"https://www.santanadavargem.mg.leg.br/institucional/videos/videos-das-reunioes-do-ano-de-2022/sessoes-solenes-de-2022\" class=\"internal-link\" target=\"_self\">Sess\u00f5es Solenes e Outras Reuni\u00f5es do Ano de 2022</a></p>\r\n</td>\r\n</tr>\r\n<tr>\r\n<td>\r\n<p><a title=\"\" href=\"https://www.santanadavargem.mg.leg.br/institucional/videos/videos-das-reunioes-de-2021/reunioes-ordinarias-do-ano-de-2021\" class=\"internal-link\" target=\"_self\"><img src=\"https://www.santanadavargem.mg.leg.br/institucional/videos/arquivos-de-design/design-2021/reuniesordinrais.jpg/@@images/02ceebdb-b5a0-4c79-a3b6-c08c6b3ce66f.jpeg\" alt=\"\" class=\"image-inline\" title=\"\" /></a></p>\r\n<p><a title=\"\" href=\"https://www.santanadavargem.mg.leg.br/institucional/videos/videos-das-reunioes-de-2021/reunioes-ordinarias-do-ano-de-2021\" class=\"internal-link\" target=\"_self\">Reuni\u00f5es Ordin\u00e1rias do Ano de 2021</a></p>\r\n</td>\r\n<td>\r\n<p><a title=\"\" href=\"https://www.santanadavargem.mg.leg.br/institucional/videos/videos-das-reunioes-de-2021/reunioes-extraordinarias-do-ano-de-2021\" class=\"internal-link\" target=\"_self\"><img src=\"https://www.santanadavargem.mg.leg.br/institucional/videos/arquivos-de-design/design-2021/reuniesExtraordinrais.jpg/@@images/7c8fd84b-31bd-4d15-8a27-840d362f0cce.jpeg\" alt=\"\" class=\"image-inline\" title=\"\" /></a></p>\r\n<p><a title=\"\" href=\"https://www.santanadavargem.mg.leg.br/institucional/videos/videos-das-reunioes-de-2021/reunioes-extraordinarias-do-ano-de-2021\" class=\"internal-link\" target=\"_self\">Reuni\u00f5es Extraordin\u00e1rias do Ano de 2021</a></p>\r\n</td>\r\n<td>\r\n<p><a title=\"\" href=\"https://www.santanadavargem.mg.leg.br/institucional/videos/videos-das-reunioes-de-2021/sessoes-solenes-e-outras-reunioes-do-ano-de-2021\" class=\"internal-link\" target=\"_self\"><img src=\"https://www.santanadavargem.mg.leg.br/institucional/videos/arquivos-de-design/design-2021/Outrasreunies.jpg/@@images/5e57c92c-ec85-45d4-a3c7-cb499b2282ac.jpeg\" alt=\"\" class=\"image-inline\" title=\"\" /></a></p>\r\n<p><a title=\"\" href=\"https://www.santanadavargem.mg.leg.br/institucional/videos/videos-das-reunioes-de-2021/sessoes-solenes-e-outras-reunioes-do-ano-de-2021\" class=\"internal-link\" target=\"_self\">Sess\u00f5es Solenes e Outras Reuni\u00f5es do Ano de 2021</a></p>\r\n</td>\r\n</tr>\r\n</tbody>\r\n</table>", "author_name": "", "version": "1.0", "author_url": "https://www.santanadavargem.mg.leg.br/author/Ruiter", "provider_name": "C\u00e2mara Municipal de Santana da Vargem", "type": "rich"}