{"provider_url": "https://www.santanadavargem.mg.leg.br", "title": "Sobre a C\u00e2mara", "html": "<p><a title=\"\" href=\"https://www.santanadavargem.mg.leg.br/institucional/acesso\" class=\"internal-link\" target=\"_self\">Acesso</a></p>\r\n<p><a title=\"\" href=\"https://www.santanadavargem.mg.leg.br/institucional/historia\" class=\"internal-link\" target=\"_self\">Hist\u00f3ria</a></p>\r\n<p><a title=\"\" href=\"https://www.santanadavargem.mg.leg.br/institucional/funcao-e-definicao\" class=\"internal-link\" target=\"_self\">Fun\u00e7\u00e3o e Defini\u00e7\u00e3o</a></p>\r\n<p><a title=\"\" href=\"https://www.santanadavargem.mg.leg.br/institucional/estrutura\" class=\"internal-link\" target=\"_self\">Estrutura</a></p>\r\n<p><a title=\"\" href=\"https://www.santanadavargem.mg.leg.br/institucional/regimento-interno\" class=\"internal-link\" target=\"_self\">Regimento Interno</a></p>\r\n<p>\u00a0</p>\r\n<ol>\r\n<li>\r\n<p><strong>O que faz a C\u00e2mara Municipal e qual \u00e9 a sua fun\u00e7\u00e3o na cidade?</strong></p>\r\n<ul>\r\n<li>\r\n<p align=\"justify\">A C\u00e2mara Municipal \u00e9 o \u00f3rg\u00e3o legislativo do munic\u00edpio. Ela tem a fun\u00e7\u00e3o de elaborar, discutir e aprovar leis que afetam a vida dos cidad\u00e3os, al\u00e9m de fiscalizar as a\u00e7\u00f5es do Poder Executivo (Prefeitura). A C\u00e2mara tamb\u00e9m aprova o or\u00e7amento municipal e pode atuar em quest\u00f5es que visam melhorar a qualidade de vida da popula\u00e7\u00e3o.</p>\r\n</li>\r\n</ul>\r\n</li>\r\n<li>\r\n<p><strong>Como posso acompanhar as sess\u00f5es da C\u00e2mara Municipal e participar das decis\u00f5es?</strong></p>\r\n<ul>\r\n<li>\r\n<p align=\"justify\">As sess\u00f5es da C\u00e2mara Municipal s\u00e3o p\u00fablicas e podem ser acompanhadas presencialmente, no local onde ocorrem, ou pelo YouTube pelas tansmiss\u00f5es ao vivo. Os cidad\u00e3os tamb\u00e9m podem participar das sess\u00f5es atrav\u00e9s da \"Tribuna Livre\", onde podem se manifestar sobre assuntos de interesse p\u00fablico, conforme as regras estabelecidas pela C\u00e2mara.</p>\r\n</li>\r\n</ul>\r\n</li>\r\n<li>\r\n<p><strong>Quais s\u00e3o as compet\u00eancias dos vereadores e como eles podem ajudar a resolver problemas da comunidade?</strong></p>\r\n<ul>\r\n<li>\r\n<p align=\"justify\">Os vereadores s\u00e3o respons\u00e1veis por representar a popula\u00e7\u00e3o, propor leis e fiscalizar as a\u00e7\u00f5es da Prefeitura. Eles podem sugerir melhorias, fiscalizar a execu\u00e7\u00e3o de pol\u00edticas p\u00fablicas, e discutir quest\u00f5es relevantes para a cidade, como sa\u00fade, educa\u00e7\u00e3o, seguran\u00e7a e infraestrutura. Os vereadores tamb\u00e9m podem intermediar a comunica\u00e7\u00e3o entre a popula\u00e7\u00e3o e o poder p\u00fablico para resolver problemas locais.</p>\r\n</li>\r\n</ul>\r\n</li>\r\n<li>\r\n<p><strong>Como posso apresentar uma sugest\u00e3o, reclama\u00e7\u00e3o ou pedido \u00e0 C\u00e2mara Municipal?</strong></p>\r\n<ul>\r\n<li>\r\n<p align=\"justify\">Os cidad\u00e3os podem apresentar sugest\u00f5es, reclama\u00e7\u00f5es ou pedidos de diversas formas: presencialmente na C\u00e2mara Municipal, atrav\u00e9s do atendimento ao p\u00fablico; por meio de e-mails ou SIC. Al\u00e9m disso, \u00e9 poss\u00edvel entrar em contato com os vereadores diretamente para tratar de quest\u00f5es espec\u00edficas.</p>\r\n</li>\r\n</ul>\r\n</li>\r\n<li>\r\n<p><strong>De que forma a C\u00e2mara Municipal influencia o or\u00e7amento da cidade e como isso afeta os servi\u00e7os p\u00fablicos locais?</strong></p>\r\n<ul>\r\n<li>\r\n<p align=\"justify\">A C\u00e2mara Municipal \u00e9 respons\u00e1vel por aprovar o or\u00e7amento anual do munic\u00edpio, que define como os recursos p\u00fablicos ser\u00e3o distribu\u00eddos entre as diversas \u00e1reas, como sa\u00fade, educa\u00e7\u00e3o, transporte, seguran\u00e7a, entre outras. Os vereadores podem discutir e propor altera\u00e7\u00f5es no or\u00e7amento, garantindo que os recursos sejam direcionados de forma eficaz para atender \u00e0s necessidades da popula\u00e7\u00e3o e melhorar os servi\u00e7os p\u00fablicos.</p>\r\n</li>\r\n</ul>\r\n</li>\r\n</ol>\r\n<p>\u00a0</p>\r\n<p><span><br /></span></p>\r\n<p><a title=\"\" href=\"https://www.santanadavargem.mg.leg.br/institucional/noticias\" class=\"internal-link\" target=\"_self\">Not\u00edcias</a></p>\r\n<p><span><a title=\"\" href=\"https://www.santanadavargem.mg.leg.br/institucional/eventos\" class=\"internal-link\" target=\"_self\">Agenda de Eventos</a></span></p>\r\n<p><a title=\"\" href=\"https://www.santanadavargem.mg.leg.br/institucional/fotos\" class=\"internal-link\" target=\"_self\">Galeria de Fotos</a></p>", "author_name": "", "version": "1.0", "author_url": "https://www.santanadavargem.mg.leg.br/author/Ruiter", "provider_name": "C\u00e2mara Municipal de Santana da Vargem", "type": "rich"}